{"id":6183,"date":"2023-05-04T16:24:11","date_gmt":"2023-05-04T14:24:11","guid":{"rendered":"https:\/\/www.quittenbaum.de\/?p=6183"},"modified":"2023-05-04T16:32:18","modified_gmt":"2023-05-04T14:32:18","slug":"amedee-de-caranza-raritaeten-aus-einer-privaten-sammlung","status":"publish","type":"post","link":"https:\/\/www.quittenbaum.de\/de\/amedee-de-caranza-raritaeten-aus-einer-privaten-sammlung\/","title":{"rendered":"Am\u00e9d\u00e9e de Caranza &#8211; Rarit\u00e4ten aus einer privaten Sammlung"},"content":{"rendered":"\n<div class=\"wp-block-cover is-light\"><span aria-hidden=\"true\" class=\"wp-block-cover__background has-background-dim-20 has-background-dim\"><\/span><img loading=\"lazy\" decoding=\"async\" width=\"2560\" height=\"1060\" class=\"wp-block-cover__image-background wp-image-6184\" alt=\"\" src=\"https:\/\/www.quittenbaum.de\/wp-content\/uploads\/2023\/05\/Caranza-Banner-scaled.jpg\" data-object-fit=\"cover\" srcset=\"https:\/\/www.quittenbaum.de\/wp-content\/uploads\/2023\/05\/Caranza-Banner-scaled.jpg 2560w, https:\/\/www.quittenbaum.de\/wp-content\/uploads\/2023\/05\/Caranza-Banner-300x124.jpg 300w, https:\/\/www.quittenbaum.de\/wp-content\/uploads\/2023\/05\/Caranza-Banner-1024x424.jpg 1024w, https:\/\/www.quittenbaum.de\/wp-content\/uploads\/2023\/05\/Caranza-Banner-768x318.jpg 768w, https:\/\/www.quittenbaum.de\/wp-content\/uploads\/2023\/05\/Caranza-Banner-1536x636.jpg 1536w, https:\/\/www.quittenbaum.de\/wp-content\/uploads\/2023\/05\/Caranza-Banner-2048x848.jpg 2048w, https:\/\/www.quittenbaum.de\/wp-content\/uploads\/2023\/05\/Caranza-Banner-1920x795.jpg 1920w\" sizes=\"auto, (max-width: 2560px) 100vw, 2560px\" \/><div class=\"wp-block-cover__inner-container is-layout-flow wp-block-cover-is-layout-flow\">\n<p class=\"has-text-align-center has-white-color has-text-color has-large-font-size\"><strong>Am\u00e9d\u00e9e de Caranza <\/strong><br><strong>Rarit\u00e4ten aus einer privaten Sammlung<\/strong><\/p>\n<\/div><\/div>\n\n\n\n<div style=\"height:50px\" aria-hidden=\"true\" class=\"wp-block-spacer\"><\/div>\n\n\n\n<p>Die Lebensdaten des Glask\u00fcnstlers liegen im Dunklen. \u00dcberliefert ist, dass der Sohn franz\u00f6sischer Eltern Anfang der 1870er Jahre bei der Faiencerie de Longwy als k\u00fcnstlerischer Leiter angestellt war und dort japanisierende Dekore mit der Email-Cloisonn\u00e9- Technik schuf. 1875 wechselte er nach Bordeaux zur Fayence-Firma Jules Vieillard &amp; Cie., die 1878 auf der Weltausstellung in Paris mit einer Goldmedaille ausgezeichnet wurde. Bei dem ebenfalls auf Fayencen spezialisierten Cl\u00e9ment Massier lernte Am\u00e9d\u00e9e de Caranza schliesslich den Umgang mit Oxidglasuren.<\/p>\n\n\n<div class=\"wp-bootstrap-blocks-row row\">\n\t\n\n<div class=\"col-12 col-md-4\">\n\t\t\t\n\n<figure class=\"wp-block-image size-large\"><a href=\"https:\/\/www.quittenbaum.de\/de\/auktionen\/jugendstil-art-deco\/168A\/suche\/amedee-de-caranzacaranza-amedee-de-paris-duc-jeanne-vase-iris-um-1902-124650\/\"><img loading=\"lazy\" decoding=\"async\" width=\"1024\" height=\"1024\" src=\"https:\/\/www.quittenbaum.de\/wp-content\/uploads\/2023\/05\/124650-1024x1024.jpg\" alt=\"\" class=\"wp-image-6186\" srcset=\"https:\/\/www.quittenbaum.de\/wp-content\/uploads\/2023\/05\/124650-1024x1024.jpg 1024w, https:\/\/www.quittenbaum.de\/wp-content\/uploads\/2023\/05\/124650-300x300.jpg 300w, https:\/\/www.quittenbaum.de\/wp-content\/uploads\/2023\/05\/124650-150x150.jpg 150w, https:\/\/www.quittenbaum.de\/wp-content\/uploads\/2023\/05\/124650-768x768.jpg 768w, https:\/\/www.quittenbaum.de\/wp-content\/uploads\/2023\/05\/124650-1536x1536.jpg 1536w, https:\/\/www.quittenbaum.de\/wp-content\/uploads\/2023\/05\/124650-1920x1920.jpg 1920w, https:\/\/www.quittenbaum.de\/wp-content\/uploads\/2023\/05\/124650-500x500.jpg 500w, https:\/\/www.quittenbaum.de\/wp-content\/uploads\/2023\/05\/124650.jpg 2000w\" sizes=\"auto, (max-width: 1024px) 100vw, 1024px\" \/><\/a><\/figure>\n\n\t<\/div>\n\n\n\n<div class=\"col-12 col-md-8\">\n\t\t\t\n\n<p>Ber\u00fchmt wurde Am\u00e9d\u00e9e de Caranza jedoch mit seinen Gl\u00e4sern in Bernstein-, Rot- und Braunt\u00f6nen, auf deren Wandungen er mit eben diesen Metallreduktionsfarben wunderbar impressionistisch aufgefasste florale und aquatische Motive mit einem zarten L\u00fcster realisierte. De Caranza geh\u00f6rte zu den Pionieren dieser Technik auf Glas und meldete dazu mehrere Patente an.<\/p>\n\n\n\n<p><br>Sp\u00e4testens 1890 unternahm er die ersten Versuche, metallisch irisierende Dekore auf Glas aufzubringen. Das fr\u00fcheste bekannte Glas mit L\u00fcstermalerei ist lt. Hilschenz-Mlynek\/Ricke 1895 datiert. Der ber\u00fchmte Kunstkritiker und Verfechter des Impressionismus Julius Meier-Graefe \u00fcbernahm in seinem Gesch\u00e4ft &#8218;La Maison Moderne&#8216; den Vertrieb der Werke de Caranzas von Paris aus. Um 1902-03 arbeitete und signierte de Caranza mit seiner Partnerin Jeanne Duc. Um 1903 kehrte er von Paris nach Noyon zur\u00fcck und wurde einer der wichtigsten Mitarbeiter der Firma Henri Copillet f\u00fcr Keramiken und Veredelung von Ziergl\u00e4sern und Fenstern, die nur bis zum Ende des Ersten Weltkrieges Bestand hatte.<\/p>\n\n\t<\/div>\n\n<\/div>\n\n\n\n<div style=\"height:50px\" aria-hidden=\"true\" class=\"wp-block-spacer\"><\/div>\n\n\n\n<p class=\"has-white-color has-text-color has-background\" style=\"background:linear-gradient(135deg,rgb(247,147,65) 0%,rgb(132,80,8) 50%,rgb(107,0,62) 100%)\">Seine Technik erkl\u00e4rte Am\u00e9d\u00e9e de Caranza f\u00fcr die Patentanmel- dung im M\u00e4rz 1902 folgenderma\u00dfen am Beispiel einer Gl\u00fchbirne:<br><em>\u201e(\u2026) Wir f\u00fchren auf seiner Oberfl\u00e4che eine Verzierung mit einer beliebigen Anzahl von verschiedenen Metalloxiden durch. Diese Oxide k\u00f6nnen entweder mit Wasser, Benzin, Gummi oder generell mit jeder geeigneten fl\u00fcssigen oder halbfl\u00fcssigen Substanz aufgetragen werden. (\u2026) Die Objekte werden in einen Ofen gebracht, wo sie wie beim gew\u00f6hnlichen Brennen von Glas, Kristall oder Opal gebrannt werden, aber w\u00e4hrend des Brennens wird den Oxiden der Sauerstoff entzogen, sodass sie wieder in den Zustand nativer Metalle zur\u00fcckversetzt werden.<br><br>Um diese Reduktion durchzuf\u00fchren, wird vor, w\u00e4hrend oder nach dem Brennen ein geeignetes Reduktionsmittel wie Kohle, \u00d6l, Karbid, Wasserstoff, reines oder mit Luft vermischtes Gas in ausreichender Menge zugef\u00fchrt, damit die Reduktion vollst\u00e4ndig erfolgt\u2026\u201c<\/em> (\u00dcbers. aus dem Franz\u00f6sischen, d. Vfs.)<\/p>\n\n\n\n<div style=\"height:50px\" aria-hidden=\"true\" class=\"wp-block-spacer\"><\/div>\n\n\n\n<p>Die im Katalog angebotenen 14 Gl\u00e4ser aus einer sorgf\u00e4ltig kuratierten privaten Sammlung sind \u00e4u\u00dferst rar auf dem Kunstmarkt und zeigen die Entwicklung des K\u00fcnstlers meisterhaft auf. So k\u00f6nnte man seine Vase &#8218;Marrons&#8216;, 1895-1900 (Kat.-Nr. 15) auf den ersten Blick aufgrund der halbplastischen Kastanienbl\u00e4tter auf irdenfarbenen Grund mit einer Keramikarbeit verwechseln, w\u00e4hrend Am\u00e9d\u00e9e de Caranza bei der Vase &#8218;Roses&#8216; (1902) das zarte optisch geblasene, durchscheinende bernsteinfarbene Glas mit in die Komposition einbezieht (Kat.-Nr. 25).<\/p>\n\n\n\n<div style=\"height:50px\" aria-hidden=\"true\" class=\"wp-block-spacer\"><\/div>\n\n\n\n<p><\/p>\n\n\n\n<figure class=\"wp-block-gallery has-nested-images columns-default is-cropped wp-block-gallery-1 is-layout-flex wp-block-gallery-is-layout-flex\">\n<figure class=\"wp-block-image size-large\"><a rel=\"353\" class=\"lightbox\" href=\"https:\/\/www.quittenbaum.de\/de\/auktionen\/jugendstil-art-deco\/168A\/suche\/amedee-de-caranzacaranza-amedee-de-paris-zwei-vasen-fleurs-de-trompette-um-1900-124648\/\"><img loading=\"lazy\" decoding=\"async\" width=\"1024\" height=\"1024\" data-id=\"6197\" src=\"https:\/\/www.quittenbaum.de\/wp-content\/uploads\/2023\/05\/124648-1024x1024.jpg\" alt=\"\" class=\"wp-image-6197\" srcset=\"https:\/\/www.quittenbaum.de\/wp-content\/uploads\/2023\/05\/124648-1024x1024.jpg 1024w, https:\/\/www.quittenbaum.de\/wp-content\/uploads\/2023\/05\/124648-300x300.jpg 300w, https:\/\/www.quittenbaum.de\/wp-content\/uploads\/2023\/05\/124648-150x150.jpg 150w, https:\/\/www.quittenbaum.de\/wp-content\/uploads\/2023\/05\/124648-768x768.jpg 768w, https:\/\/www.quittenbaum.de\/wp-content\/uploads\/2023\/05\/124648-1536x1536.jpg 1536w, https:\/\/www.quittenbaum.de\/wp-content\/uploads\/2023\/05\/124648-1920x1920.jpg 1920w, https:\/\/www.quittenbaum.de\/wp-content\/uploads\/2023\/05\/124648-500x500.jpg 500w, https:\/\/www.quittenbaum.de\/wp-content\/uploads\/2023\/05\/124648.jpg 2000w\" sizes=\"auto, (max-width: 1024px) 100vw, 1024px\" \/><\/a><\/figure>\n\n\n\n<figure class=\"wp-block-image size-large\"><a rel=\"353\" class=\"lightbox\" href=\"https:\/\/www.quittenbaum.de\/de\/auktionen\/jugendstil-art-deco\/168A\/suche\/amedee-de-caranzacaranza-amedee-de-duc-jeanne-drei-becher-um-1902-124657\/\"><img loading=\"lazy\" decoding=\"async\" width=\"1024\" height=\"1024\" data-id=\"6195\" src=\"https:\/\/www.quittenbaum.de\/wp-content\/uploads\/2023\/05\/124657-1024x1024.jpg\" alt=\"\" class=\"wp-image-6195\" srcset=\"https:\/\/www.quittenbaum.de\/wp-content\/uploads\/2023\/05\/124657-1024x1024.jpg 1024w, https:\/\/www.quittenbaum.de\/wp-content\/uploads\/2023\/05\/124657-300x300.jpg 300w, https:\/\/www.quittenbaum.de\/wp-content\/uploads\/2023\/05\/124657-150x150.jpg 150w, https:\/\/www.quittenbaum.de\/wp-content\/uploads\/2023\/05\/124657-768x768.jpg 768w, https:\/\/www.quittenbaum.de\/wp-content\/uploads\/2023\/05\/124657-1536x1536.jpg 1536w, https:\/\/www.quittenbaum.de\/wp-content\/uploads\/2023\/05\/124657-1920x1920.jpg 1920w, https:\/\/www.quittenbaum.de\/wp-content\/uploads\/2023\/05\/124657-500x500.jpg 500w, https:\/\/www.quittenbaum.de\/wp-content\/uploads\/2023\/05\/124657.jpg 2000w\" sizes=\"auto, (max-width: 1024px) 100vw, 1024px\" \/><\/a><\/figure>\n\n\n\n<figure class=\"wp-block-image size-large\"><a rel=\"353\" class=\"lightbox\" href=\"https:\/\/www.quittenbaum.de\/de\/auktionen\/jugendstil-art-deco\/168A\/suche\/amedee-de-caranzacaranza-amedee-de-paris-vase-sagittaire-um-1900-124652\/\"><img loading=\"lazy\" decoding=\"async\" width=\"1024\" height=\"1024\" data-id=\"6199\" src=\"https:\/\/www.quittenbaum.de\/wp-content\/uploads\/2023\/05\/124652-1024x1024.jpg\" alt=\"\" class=\"wp-image-6199\" srcset=\"https:\/\/www.quittenbaum.de\/wp-content\/uploads\/2023\/05\/124652-1024x1024.jpg 1024w, https:\/\/www.quittenbaum.de\/wp-content\/uploads\/2023\/05\/124652-300x300.jpg 300w, https:\/\/www.quittenbaum.de\/wp-content\/uploads\/2023\/05\/124652-150x150.jpg 150w, https:\/\/www.quittenbaum.de\/wp-content\/uploads\/2023\/05\/124652-768x768.jpg 768w, https:\/\/www.quittenbaum.de\/wp-content\/uploads\/2023\/05\/124652-1536x1536.jpg 1536w, https:\/\/www.quittenbaum.de\/wp-content\/uploads\/2023\/05\/124652-1920x1920.jpg 1920w, https:\/\/www.quittenbaum.de\/wp-content\/uploads\/2023\/05\/124652-500x500.jpg 500w, https:\/\/www.quittenbaum.de\/wp-content\/uploads\/2023\/05\/124652.jpg 2000w\" sizes=\"auto, (max-width: 1024px) 100vw, 1024px\" \/><\/a><\/figure>\n\n\n\n<figure class=\"wp-block-image size-large\"><a rel=\"353\" class=\"lightbox\" href=\"https:\/\/www.quittenbaum.de\/de\/auktionen\/jugendstil-art-deco\/168A\/suche\/amedee-de-caranzacaranza-amedee-de-duc-jeanne-vase-algues-um-1902-124654\/\"><img loading=\"lazy\" decoding=\"async\" width=\"1024\" height=\"1024\" data-id=\"6191\" src=\"https:\/\/www.quittenbaum.de\/wp-content\/uploads\/2023\/05\/124654-1024x1024.jpg\" alt=\"\" class=\"wp-image-6191\" srcset=\"https:\/\/www.quittenbaum.de\/wp-content\/uploads\/2023\/05\/124654-1024x1024.jpg 1024w, https:\/\/www.quittenbaum.de\/wp-content\/uploads\/2023\/05\/124654-300x300.jpg 300w, https:\/\/www.quittenbaum.de\/wp-content\/uploads\/2023\/05\/124654-150x150.jpg 150w, https:\/\/www.quittenbaum.de\/wp-content\/uploads\/2023\/05\/124654-768x768.jpg 768w, https:\/\/www.quittenbaum.de\/wp-content\/uploads\/2023\/05\/124654-1536x1536.jpg 1536w, https:\/\/www.quittenbaum.de\/wp-content\/uploads\/2023\/05\/124654-1920x1920.jpg 1920w, https:\/\/www.quittenbaum.de\/wp-content\/uploads\/2023\/05\/124654-500x500.jpg 500w, https:\/\/www.quittenbaum.de\/wp-content\/uploads\/2023\/05\/124654.jpg 2000w\" sizes=\"auto, (max-width: 1024px) 100vw, 1024px\" \/><\/a><\/figure>\n\n\n\n<figure class=\"wp-block-image size-large\"><a rel=\"353\" class=\"lightbox\" href=\"https:\/\/www.quittenbaum.de\/de\/auktionen\/jugendstil-art-deco\/168A\/suche\/amedee-de-caranzacaranza-amedee-de-paris-vase-sorbier-um-1900-124660\/\"><img loading=\"lazy\" decoding=\"async\" width=\"1024\" height=\"1024\" data-id=\"6193\" src=\"https:\/\/www.quittenbaum.de\/wp-content\/uploads\/2023\/05\/124660-1024x1024.jpg\" alt=\"\" class=\"wp-image-6193\" srcset=\"https:\/\/www.quittenbaum.de\/wp-content\/uploads\/2023\/05\/124660-1024x1024.jpg 1024w, https:\/\/www.quittenbaum.de\/wp-content\/uploads\/2023\/05\/124660-300x300.jpg 300w, https:\/\/www.quittenbaum.de\/wp-content\/uploads\/2023\/05\/124660-150x150.jpg 150w, https:\/\/www.quittenbaum.de\/wp-content\/uploads\/2023\/05\/124660-768x768.jpg 768w, https:\/\/www.quittenbaum.de\/wp-content\/uploads\/2023\/05\/124660-1536x1536.jpg 1536w, https:\/\/www.quittenbaum.de\/wp-content\/uploads\/2023\/05\/124660-1920x1920.jpg 1920w, https:\/\/www.quittenbaum.de\/wp-content\/uploads\/2023\/05\/124660-500x500.jpg 500w, https:\/\/www.quittenbaum.de\/wp-content\/uploads\/2023\/05\/124660.jpg 2000w\" sizes=\"auto, (max-width: 1024px) 100vw, 1024px\" \/><\/a><\/figure>\n<\/figure>\n","protected":false},"excerpt":{"rendered":"<p>Die Lebensdaten des Glask\u00fcnstlers liegen im Dunklen. \u00dcberliefert ist, dass der Sohn franz\u00f6sischer Eltern Anfang der 1870er Jahre bei der Faiencerie de Longwy als k\u00fcnstlerischer Leiter angestellt war und dort japanisierende Dekore mit der Email-Cloisonn\u00e9- Technik schuf. 1875 wechselte er nach Bordeaux zur Fayence-Firma Jules Vieillard &amp; Cie., die 1878 auf der Weltausstellung in Paris [&#8230;]<\/p>\n<p><a class=\"btn btn-ppc understrap-read-more-link\" href=\"https:\/\/www.quittenbaum.de\/de\/amedee-de-caranza-raritaeten-aus-einer-privaten-sammlung\/\">Weiterlesen&#8230;<\/a><\/p>\n","protected":false},"author":3,"featured_media":6189,"comment_status":"closed","ping_status":"closed","sticky":false,"template":"","format":"standard","meta":{"footnotes":""},"categories":[45],"tags":[],"class_list":["post-6183","post","type-post","status-publish","format-standard","has-post-thumbnail","hentry","category-sammlerthemen"],"_links":{"self":[{"href":"https:\/\/www.quittenbaum.de\/de\/wp-json\/wp\/v2\/posts\/6183","targetHints":{"allow":["GET"]}}],"collection":[{"href":"https:\/\/www.quittenbaum.de\/de\/wp-json\/wp\/v2\/posts"}],"about":[{"href":"https:\/\/www.quittenbaum.de\/de\/wp-json\/wp\/v2\/types\/post"}],"author":[{"embeddable":true,"href":"https:\/\/www.quittenbaum.de\/de\/wp-json\/wp\/v2\/users\/3"}],"replies":[{"embeddable":true,"href":"https:\/\/www.quittenbaum.de\/de\/wp-json\/wp\/v2\/comments?post=6183"}],"version-history":[{"count":7,"href":"https:\/\/www.quittenbaum.de\/de\/wp-json\/wp\/v2\/posts\/6183\/revisions"}],"predecessor-version":[{"id":6655,"href":"https:\/\/www.quittenbaum.de\/de\/wp-json\/wp\/v2\/posts\/6183\/revisions\/6655"}],"wp:featuredmedia":[{"embeddable":true,"href":"https:\/\/www.quittenbaum.de\/de\/wp-json\/wp\/v2\/media\/6189"}],"wp:attachment":[{"href":"https:\/\/www.quittenbaum.de\/de\/wp-json\/wp\/v2\/media?parent=6183"}],"wp:term":[{"taxonomy":"category","embeddable":true,"href":"https:\/\/www.quittenbaum.de\/de\/wp-json\/wp\/v2\/categories?post=6183"},{"taxonomy":"post_tag","embeddable":true,"href":"https:\/\/www.quittenbaum.de\/de\/wp-json\/wp\/v2\/tags?post=6183"}],"curies":[{"name":"wp","href":"https:\/\/api.w.org\/{rel}","templated":true}]}}