{"id":5979,"date":"2023-03-31T17:56:34","date_gmt":"2023-03-31T15:56:34","guid":{"rendered":"https:\/\/www.quittenbaum.de\/?p=5979"},"modified":"2023-04-03T16:26:20","modified_gmt":"2023-04-03T14:26:20","slug":"emile-galle-alchemist-des-art-nouveau","status":"publish","type":"post","link":"https:\/\/www.quittenbaum.de\/de\/emile-galle-alchemist-des-art-nouveau\/","title":{"rendered":"Emile Gall\u00e9 &#8211; Alchemist des Art Nouveau"},"content":{"rendered":"\n<div class=\"wp-block-cover\"><span aria-hidden=\"true\" class=\"wp-block-cover__background has-background-dim-0 has-background-dim\"><\/span><img loading=\"lazy\" decoding=\"async\" width=\"2560\" height=\"1060\" class=\"wp-block-cover__image-background wp-image-5986\" alt=\"\" src=\"https:\/\/www.quittenbaum.de\/wp-content\/uploads\/2023\/03\/Galle-Banner-scaled.jpg\" data-object-fit=\"cover\" srcset=\"https:\/\/www.quittenbaum.de\/wp-content\/uploads\/2023\/03\/Galle-Banner-scaled.jpg 2560w, https:\/\/www.quittenbaum.de\/wp-content\/uploads\/2023\/03\/Galle-Banner-300x124.jpg 300w, https:\/\/www.quittenbaum.de\/wp-content\/uploads\/2023\/03\/Galle-Banner-1024x424.jpg 1024w, https:\/\/www.quittenbaum.de\/wp-content\/uploads\/2023\/03\/Galle-Banner-768x318.jpg 768w, https:\/\/www.quittenbaum.de\/wp-content\/uploads\/2023\/03\/Galle-Banner-1536x636.jpg 1536w, https:\/\/www.quittenbaum.de\/wp-content\/uploads\/2023\/03\/Galle-Banner-2048x848.jpg 2048w, https:\/\/www.quittenbaum.de\/wp-content\/uploads\/2023\/03\/Galle-Banner-1920x795.jpg 1920w\" sizes=\"auto, (max-width: 2560px) 100vw, 2560px\" \/><div class=\"wp-block-cover__inner-container is-layout-flow wp-block-cover-is-layout-flow\">\n<p class=\"has-text-align-center has-white-color has-text-color has-large-font-size\">Emile Gall\u00e9 &#8211; Alchemist des Art Nouveau<\/p>\n<\/div><\/div>\n\n\n\n<div style=\"height:30px\" aria-hidden=\"true\" class=\"wp-block-spacer\"><\/div>\n\n\n\n<p>Selten kann man ein so gro\u00dfes Spektrum von Arbeiten Emile Gall\u00e9s im Rahmen einer Auktion bewundern. Die etwa 40 Vasen, die zu Lebzeiten Gall\u00e9s entstanden, stammen aus drei deutschen und \u00f6sterreichischen Privatsammlungen. Es wird die stilistische und technische Vielfalt des Oeuvre Gall\u00e9s beinahe vollst\u00e4ndig dokumentiert und seine Motivwelt eindrucksvoll und ausf\u00fchrlich gezeigt. \u00dcberfangtechniken und Marqueterien, Einschl\u00fcsse von Folien, Oxiden und anderen Materialien, die so genannte Patinage, ebenso Aufschmelzungen von Cabochons und Spinnen, um die Techniken im hei\u00dfem Zustand zu nennen. Diverse Schnitttechniken, wie Gravur oder Martel\u00e9 und \u00c4tzungen, Emailbemalungen, um die Techniken im kalten Zustand zu nennen. Historistische Motive, die geheimnisvolle Welt des Symbolismus, der Japonismus und Gall\u00e9s Liebe zur Pflanzenwelt bestimmen die Darstellungen auf Gall\u00e9s Arbeiten. All dies kann man an den Gef\u00e4\u00dfen, die in der Zeit um 1878 bis kurz vor Gall\u00e9s Tod 1904 entstanden, bewundern.<\/p>\n\n\n\n<div style=\"height:30px\" aria-hidden=\"true\" class=\"wp-block-spacer\"><\/div>\n\n\n<div class=\"wp-bootstrap-blocks-row row\">\n\t\n\n<div class=\"col-12 col-md-6\">\n\t\t\t\n\n<p>Noch lange vor der Bl\u00fcte des Jugendstils entstanden die fr\u00fchesten Arbeiten der Auktion. Um 1878 schuf er die kleine Vase aus farblosem Glas \u201aChasse&#8216; (\u20ac 1.600 &#8211; 1.800). Zu jener Zeit favorisierte Gall\u00e9 das farblose Glas. Es nimmt Bezug auf Arbeiten aus fr\u00fcheren Epochen, die in Bergkristall gefertigt wurden. Die in Nadel\u00e4tzung gezeichnete Jagdszenerie zeigt einen J\u00e4ger in modischer Kleidung des 18. Jahrhunderts. Die gravierten Voluten und Palmetten und ebenso die emaillierten R\u00e4nder nehmen den Renaissance-Stil auf. Arbeiten dieser Art d\u00fcrften auch auf der Pariser Weltausstellung von 1878 gezeigt worden sein, als Emile Gall\u00e9 sich erstmals ausschlie\u00dflich mit eigenen Kunstwerken und nicht mit denen der v\u00e4terlichen Keramik-Produktion pr\u00e4sentierte. Auf dieser Weltausstellung zeigte Gall\u00e9 auch das so genannte \u201aClair de Lune\u2018-Glas, ein blasses, leicht opaleszent bl\u00e4ulich oder gr\u00fcnlich schimmerndes \u00dcberfangglas. Auf der Auktion wird eine kleine Vase dieser Art mit emaillierten Schnecken f\u00fcr \u20ac 1.800 &#8211; 2.400 sowie eine bl\u00e4uliche Vase in der selben Technik mit zwei Fr\u00f6schen und einer Libelle angeboten (\u20ac 1.500 &#8211; 2.500).<\/p>\n\n\t<\/div>\n\n\n\n<div class=\"col-12 col-md-6\">\n\t\t\t\n<div class=\"wp-block-image\">\n<figure class=\"alignright size-square-image-500\"><a href=\"https:\/\/www.quittenbaum.de\/de\/auktionen\/jugendstil-art-deco\/168A\/suche\/emile-gallegalle-nancy-seltene-clair-de-lune-vase-grenouilles-libellule-1880er-jahre-124156\/\"><img loading=\"lazy\" decoding=\"async\" width=\"500\" height=\"500\" src=\"https:\/\/www.quittenbaum.de\/wp-content\/uploads\/2023\/03\/124156_2-500x500.jpg\" alt=\"\" class=\"wp-image-5988\" srcset=\"https:\/\/www.quittenbaum.de\/wp-content\/uploads\/2023\/03\/124156_2-500x500.jpg 500w, https:\/\/www.quittenbaum.de\/wp-content\/uploads\/2023\/03\/124156_2-300x300.jpg 300w, https:\/\/www.quittenbaum.de\/wp-content\/uploads\/2023\/03\/124156_2-150x150.jpg 150w, https:\/\/www.quittenbaum.de\/wp-content\/uploads\/2023\/03\/124156_2-768x768.jpg 768w, https:\/\/www.quittenbaum.de\/wp-content\/uploads\/2023\/03\/124156_2.jpg 1000w\" sizes=\"auto, (max-width: 500px) 100vw, 500px\" \/><\/a><figcaption class=\"wp-element-caption\"><strong>Emile Gall\u00e9, Nancy<\/strong><br>Seltene &#8218;Clair de Lune&#8216;-Vase &#8218;Grenouilles, Libellule&#8216;, 1880er Jahre<\/figcaption><\/figure>\n<\/div>\n\t<\/div>\n\n<\/div>\n\n\n\n<div style=\"height:30px\" aria-hidden=\"true\" class=\"wp-block-spacer\"><\/div>\n\n\n\n<p>Die in der zweiten H\u00e4lfte der 1880er Jahre entstandene Vase &#8218;Epis de bl\u00e9 et Insectes&#8216; zeigt sich bereits mit deutlichen Ankl\u00e4ngen des Jugendstils. Die Farbpalette ist noch zur\u00fcckhaltend, der Grundton im \u201aClair de Lune\u2018-Gr\u00fcn schimmernd, der Dekor ist mit seinen Weizen\u00e4hren und verschiedenen Insekten im naturalistisch japonistischen Stil, der f\u00fcr die Entwicklung des Jugendstil so wichtig war. Die aufw\u00e4ndig hochge\u00e4tzte und emailbemalte Vase mit Schmetterlingen und K\u00e4fern ist auf \u20ac 2.000 &#8211; 2.500 gesch\u00e4tzt.<\/p>\n\n\n\n<p>Um 1890 schuf Emile Gall\u00e9 den Henkelkrug \u2019Sceau de Salomon\u2019. Die Form entspricht der eines eingerollten Blattes, der Dekor ist teils plastisch, mit aufgelegten B\u00e4ndern als Bl\u00fctenst\u00e4ngel und emaillierten Bl\u00fcten, Beeren und Bl\u00e4ttern des Salomonssiegel. Der auf \u20ac 3.500 &#8211; 4.500 taxierte Krug ist eine fr\u00fche puristische Arbeit des K\u00fcnstlers und pr\u00e4gend f\u00fcr die Epoche des Jugendstils. Hier wird auch bereits Gall\u00e9s besondere Liebe zu Pflanzen mit narkotischer oder toxischer Wirkung sichtbar.<\/p>\n\n\n\n<div style=\"height:30px\" aria-hidden=\"true\" class=\"wp-block-spacer\"><\/div>\n\n\n<div class=\"wp-bootstrap-blocks-row row\">\n\t\n\n<div class=\"col-12 col-md-6\">\n\t\t\t\n<div class=\"wp-block-image\">\n<figure class=\"alignleft size-square-image-500\"><a href=\"https:\/\/www.quittenbaum.de\/de\/auktionen\/jugendstil-art-deco\/168B\/suche\/galle-emile-stangenvase-erable-en-automne-avec-toile-daraignee-1894-123169\/\"><img loading=\"lazy\" decoding=\"async\" width=\"500\" height=\"500\" src=\"https:\/\/www.quittenbaum.de\/wp-content\/uploads\/2023\/03\/123169_5-500x500.jpg\" alt=\"\" class=\"wp-image-5980\" srcset=\"https:\/\/www.quittenbaum.de\/wp-content\/uploads\/2023\/03\/123169_5-500x500.jpg 500w, https:\/\/www.quittenbaum.de\/wp-content\/uploads\/2023\/03\/123169_5-300x300.jpg 300w, https:\/\/www.quittenbaum.de\/wp-content\/uploads\/2023\/03\/123169_5-150x150.jpg 150w, https:\/\/www.quittenbaum.de\/wp-content\/uploads\/2023\/03\/123169_5-768x768.jpg 768w, https:\/\/www.quittenbaum.de\/wp-content\/uploads\/2023\/03\/123169_5.jpg 1000w\" sizes=\"auto, (max-width: 500px) 100vw, 500px\" \/><\/a><figcaption class=\"wp-element-caption\"><strong>Emile Gall\u00e9, Nancy<\/strong><br>Stangenvase &#8218;Erable en automne avec toile d&#8217;araign\u00e9e&#8216;, 1894<\/figcaption><\/figure>\n<\/div>\n\t<\/div>\n\n\n\n<div class=\"col-12 col-md-6\">\n\t\t\t\n\n<p class=\"has-text-align-right\">Aus dem Jahr 1894 stammen zwei Vasen in der Auktion, die beide symbolistischen Charakter besitzen. Die knapp 50 cm hohe Stangenvase &#8218;Erable en automne avec toile d\u2019araign\u00e9e\u2018 zeigt eine gro\u00dfe plastisch applizierte Spinne in ihrem Netz inmitten von leuchtend roten Bl\u00e4ttern des herbstlichen Weinlaubs (\u20ac 5.000 &#8211; 6.000). In Form eines Nashorn-Sto\u00dfzahnes schuf Gall\u00e9 eine Vase, die ebenfalls mit Weinlaub dekoriert ist und dies in n\u00e4chtlicher Stimmung zeigt (\u20ac 5.000 &#8211; 6.000).<\/p>\n\n\n\n<p class=\"has-text-align-right\">Gall\u00e9 bediente sich bei besonderen Arbeiten gerne der symbolistisch-mystischen Motivpalette. Er besa\u00df eine gro\u00dfe Allgemeinbildung, besonders, was die Literatur anging, war politisch engagiert und ein Experte in der Welt der Botanik. Die Auswahl der Tiere und Pflanzen sowie der dargestellten Jahres-, Tageszeiten und Witterungen war niemals zuf\u00e4llig. Ganz offensichtlich sind diese Verbindungen bei der Verwendung von Spinnen, Flederm\u00e4usen oder Nachfaltern, oder bei den floralen Motiven Gift- und Heilpflanzen, Pflanzen mit berauschender Wirkung, Nachtschattengew\u00e4chse oder erotisch konnotierte Gew\u00e4chse zu erkennen. Dass diese Arbeiten bei Sammlern besonders hoch im Kurs stehen, liegt auf der Hand.<\/p>\n\n\t<\/div>\n\n<\/div>\n\n\n\n<div style=\"height:30px\" aria-hidden=\"true\" class=\"wp-block-spacer\"><\/div>\n\n\n\n<figure class=\"wp-block-video\"><video height=\"1080\" style=\"aspect-ratio: 1920 \/ 1080;\" width=\"1920\" controls loop src=\"https:\/\/www.quittenbaum.de\/wp-content\/uploads\/2023\/04\/Galle-Film.mp4\"><\/video><\/figure>\n\n\n\n<div style=\"height:30px\" aria-hidden=\"true\" class=\"wp-block-spacer\"><\/div>\n\n\n\n<p>Ende der 1890er Jahre schuf Gall\u00e9 zwei Vasen in gleicher Farbpalette, die ebenfalls in der Auktion angeboten werden. 1897\/98 entstand die flache Marqueterie-Henkelvase \u201aColchiques\u2018 in Bernstein und Violett (\u20ac 3.500 &#8211; 4.500). Die Marqueterie-Technik ist eine \u00e4u\u00dferst aufw\u00e4ndige und demzufolge bei Sammlern sehr gefragte Technik. Hierbei werden farbige Glaspl\u00e4ttchen auf den Korpus aufgewalzt. Hier muss mit gr\u00f6\u00dftem technischen K\u00f6nnen und Sorgfalt vorgegangen werden, da die aufgebrachten Pl\u00e4ttchen in ihrer Form kaum ver\u00e4ndert werden k\u00f6nnen, sobald sie auf dem Glask\u00f6rper haften.<br>Bei gut gelungenen St\u00fccken ist die Wirkung viel st\u00e4rker als durch Schnitt oder \u00c4tzung herausgearbeitete Motive. Bei der kleinen Vase sind eine violette und eine bernsteinfarbene Herbstzeitlosenbl\u00fcte zu sehen, die in dunstiger Stimmung inmitten von streifig verzogenen violetten B\u00e4ndern stehen. Die dunstig-herbstliche Stimmung wird noch durch winzige eingeschmolzene \u201aVerunreinigungen\u2018 verursacht, die sich als blasig-wolkige Zwischenschicht darstellen und von Gall\u00e9 als \u201aPatinage\u2018 bezeichnet wurde. Die dargestellte Herbstzeitlose gilt aufgrund ihrer sp\u00e4ten Bl\u00fcte als Symbol der Verg\u00e4nglichkeit, das in ihr enthaltene Colchicin besitzt eine Heilwirkung bei geringer Dosierung, ist jedoch, bei h\u00f6herer Dosierung, t\u00f6dlich.<\/p>\n\n\n\n<div style=\"height:30px\" aria-hidden=\"true\" class=\"wp-block-spacer\"><\/div>\n\n\n\n<figure class=\"wp-block-gallery has-nested-images columns-default is-cropped wp-block-gallery-1 is-layout-flex wp-block-gallery-is-layout-flex\">\n<figure class=\"wp-block-image size-large\"><a rel=\"319\" class=\"lightbox\" href=\"https:\/\/www.quittenbaum.de\/de\/auktionen\/jugendstil-art-deco\/168B\/suche\/emile-gallegalle-nancy-krug-sceau-de-salomon-um-1890-124285\/\"><img loading=\"lazy\" decoding=\"async\" width=\"1000\" height=\"1000\" data-id=\"5995\" src=\"https:\/\/www.quittenbaum.de\/wp-content\/uploads\/2023\/03\/124285.jpg\" alt=\"\" class=\"wp-image-5995\" srcset=\"https:\/\/www.quittenbaum.de\/wp-content\/uploads\/2023\/03\/124285.jpg 1000w, https:\/\/www.quittenbaum.de\/wp-content\/uploads\/2023\/03\/124285-300x300.jpg 300w, https:\/\/www.quittenbaum.de\/wp-content\/uploads\/2023\/03\/124285-150x150.jpg 150w, https:\/\/www.quittenbaum.de\/wp-content\/uploads\/2023\/03\/124285-768x768.jpg 768w, https:\/\/www.quittenbaum.de\/wp-content\/uploads\/2023\/03\/124285-500x500.jpg 500w\" sizes=\"auto, (max-width: 1000px) 100vw, 1000px\" \/><\/a><figcaption class=\"wp-element-caption\"><strong>Emile Gall\u00e9, Nancy<\/strong><br>Krug &#8218;Sceau de Salomon&#8216;, um 1890<\/figcaption><\/figure>\n\n\n\n<figure class=\"wp-block-image size-large\"><a rel=\"319\" class=\"lightbox\" href=\"https:\/\/www.quittenbaum.de\/de\/auktionen\/jugendstil-art-deco\/168B\/suche\/emile-gallegalle-nancy-pokalvase-pissenlit-1898-124309\/\"><img loading=\"lazy\" decoding=\"async\" width=\"1000\" height=\"1000\" data-id=\"5993\" src=\"https:\/\/www.quittenbaum.de\/wp-content\/uploads\/2023\/03\/124309.jpg\" alt=\"\" class=\"wp-image-5993\" srcset=\"https:\/\/www.quittenbaum.de\/wp-content\/uploads\/2023\/03\/124309.jpg 1000w, https:\/\/www.quittenbaum.de\/wp-content\/uploads\/2023\/03\/124309-300x300.jpg 300w, https:\/\/www.quittenbaum.de\/wp-content\/uploads\/2023\/03\/124309-150x150.jpg 150w, https:\/\/www.quittenbaum.de\/wp-content\/uploads\/2023\/03\/124309-768x768.jpg 768w, https:\/\/www.quittenbaum.de\/wp-content\/uploads\/2023\/03\/124309-500x500.jpg 500w\" sizes=\"auto, (max-width: 1000px) 100vw, 1000px\" \/><\/a><figcaption class=\"wp-element-caption\"><strong>Emile Gall\u00e9, Nancy<\/strong><br>Pokalvase &#8218;Pissenlit&#8216;, 1898<\/figcaption><\/figure>\n\n\n\n<figure class=\"wp-block-image size-large\"><a rel=\"319\" class=\"lightbox\" href=\"https:\/\/www.quittenbaum.de\/de\/auktionen\/jugendstil-art-deco\/168B\/suche\/emile-gallegalle-nancy-kleine-historisierende-vase-chasse-um-1878-124310\/\"><img loading=\"lazy\" decoding=\"async\" width=\"1000\" height=\"1000\" data-id=\"5999\" src=\"https:\/\/www.quittenbaum.de\/wp-content\/uploads\/2023\/03\/124310.jpg\" alt=\"\" class=\"wp-image-5999\" srcset=\"https:\/\/www.quittenbaum.de\/wp-content\/uploads\/2023\/03\/124310.jpg 1000w, https:\/\/www.quittenbaum.de\/wp-content\/uploads\/2023\/03\/124310-300x300.jpg 300w, https:\/\/www.quittenbaum.de\/wp-content\/uploads\/2023\/03\/124310-150x150.jpg 150w, https:\/\/www.quittenbaum.de\/wp-content\/uploads\/2023\/03\/124310-768x768.jpg 768w, https:\/\/www.quittenbaum.de\/wp-content\/uploads\/2023\/03\/124310-500x500.jpg 500w\" sizes=\"auto, (max-width: 1000px) 100vw, 1000px\" \/><\/a><figcaption class=\"wp-element-caption\">Emile Gall\u00e9, Nancy<br>Kleine historisierende Vase &#8218;Chasse&#8216;, um 1878<\/figcaption><\/figure>\n\n\n\n<figure class=\"wp-block-image size-square-image-500\"><a rel=\"319\" class=\"lightbox\" href=\"https:\/\/www.quittenbaum.de\/de\/auktionen\/jugendstil-art-deco\/168B\/suche\/emile-gallegalle-nancy-vase-cattleya-um-1900-124491\/\"><img loading=\"lazy\" decoding=\"async\" width=\"500\" height=\"500\" data-id=\"5997\" src=\"https:\/\/www.quittenbaum.de\/wp-content\/uploads\/2023\/03\/124491-500x500.jpg\" alt=\"\" class=\"wp-image-5997\" srcset=\"https:\/\/www.quittenbaum.de\/wp-content\/uploads\/2023\/03\/124491-500x500.jpg 500w, https:\/\/www.quittenbaum.de\/wp-content\/uploads\/2023\/03\/124491-300x300.jpg 300w, https:\/\/www.quittenbaum.de\/wp-content\/uploads\/2023\/03\/124491-150x150.jpg 150w, https:\/\/www.quittenbaum.de\/wp-content\/uploads\/2023\/03\/124491-768x768.jpg 768w, https:\/\/www.quittenbaum.de\/wp-content\/uploads\/2023\/03\/124491.jpg 1000w\" sizes=\"auto, (max-width: 500px) 100vw, 500px\" \/><\/a><figcaption class=\"wp-element-caption\"><strong>Emile Gall\u00e9, Nancy<\/strong><br>Vase &#8218;Cattleya&#8216;, um 1900<\/figcaption><\/figure>\n\n\n\n<figure class=\"wp-block-image size-large\"><a rel=\"319\" class=\"lightbox\" href=\"https:\/\/www.quittenbaum.de\/de\/auktionen\/jugendstil-art-deco\/168B\/suche\/emile-gallegalle-nancy-kleine-vase-epis-de-ble-et-insectes-1884-89-124317\/\"><img loading=\"lazy\" decoding=\"async\" width=\"1000\" height=\"1000\" data-id=\"5984\" src=\"https:\/\/www.quittenbaum.de\/wp-content\/uploads\/2023\/03\/124317.jpg\" alt=\"\" class=\"wp-image-5984\" srcset=\"https:\/\/www.quittenbaum.de\/wp-content\/uploads\/2023\/03\/124317.jpg 1000w, https:\/\/www.quittenbaum.de\/wp-content\/uploads\/2023\/03\/124317-300x300.jpg 300w, https:\/\/www.quittenbaum.de\/wp-content\/uploads\/2023\/03\/124317-150x150.jpg 150w, https:\/\/www.quittenbaum.de\/wp-content\/uploads\/2023\/03\/124317-768x768.jpg 768w, https:\/\/www.quittenbaum.de\/wp-content\/uploads\/2023\/03\/124317-500x500.jpg 500w\" sizes=\"auto, (max-width: 1000px) 100vw, 1000px\" \/><\/a><figcaption class=\"wp-element-caption\"><strong>Emile Gall\u00e9, Nancy<\/strong><br>Kleine Vase &#8218;Epis de bl\u00e9 et Insectes&#8216;, 1884-89<\/figcaption><\/figure>\n<\/figure>\n\n\n\n<p>Eine Vase mit dem geschnittenen Orchideen-Motiv der Cattleya zeigt sich in der gleichen Farbpalette und wurde von Gall\u00e9 um 1900 geschaffen (\u20ac 6.000 &#8211; 7.000). Technisch sehr vielseitig wurde die Vase mit Folieneinschl\u00fcssen und ebenfalls mit einer sch\u00f6nen \u201aPatinage\u2018 versehen. Die gesamte Oberfl\u00e4che ist aufw\u00e4ndig geschnitten. Die Deutlichkeit der erotischen Konnotation des Motivs wird klar, wenn man bedenkt, dass Marcel Proust in seiner wenig sp\u00e4ter erschienenen Romanfolge \u201aAuf der Suche nach der verlorenen Zeit\u2018 \u201aCattley spielen\u2018 als erotisches Codewort zwischen den Protagonisten verwendete.<\/p>\n\n\n\n<p>1898 entwickelte Emile Gall\u00e9 eine weitere Technik der Oberfl\u00e4chenbehandlung, die er als \u201aPatine\u2018 bezeichnete. Gall\u00e9 machte sich dabei eine durch Verunreinigungen im Glasofen entstehende oberfl\u00e4chliche Mattierung zunutze, die man normalerweise bei der Glasherstellung vermeiden m\u00f6chte. Im kontrollierten Verfahren schuf er eine matt schimmernde, leicht strukturierte und irisierte Oberfl\u00e4che. Im Falle der Pokalvase \u201aPissenlit\u2018 ist dieser Effekt nur partiell, wohl mithilfe von Schablonen, auf der Oberfl\u00e4che angebracht. Lediglich die runden, als Pusteblume bezeichneten Fruchtst\u00e4nde werden in dieser Technik zum Leben erweckt (\u20ac 2.000 &#8211; 2.500).<\/p>\n\n\n\n<p>Entdecken Sie die Vielfalt dieser und der vielen anderen Kunstwerke aus der Zeit des Jugendstils und des Art D\u00e9co w\u00e4hrend der Vorbesichtigung zur Auktion vom 18. bis 22. Mai und seien Sie bei der Auktion am 23. Mai im Saal, im Internet oder am Telefon mit dabei!<\/p>\n","protected":false},"excerpt":{"rendered":"<p>Selten kann man ein so gro\u00dfes Spektrum von Arbeiten Emile Gall\u00e9s im Rahmen einer Auktion bewundern. Die etwa 40 Vasen, die zu Lebzeiten Gall\u00e9s entstanden, stammen aus drei deutschen und \u00f6sterreichischen Privatsammlungen. Es wird die stilistische und technische Vielfalt des Oeuvre Gall\u00e9s beinahe vollst\u00e4ndig dokumentiert und seine Motivwelt eindrucksvoll und ausf\u00fchrlich gezeigt. \u00dcberfangtechniken und Marqueterien, [&#8230;]<\/p>\n<p><a class=\"btn btn-ppc understrap-read-more-link\" href=\"https:\/\/www.quittenbaum.de\/de\/emile-galle-alchemist-des-art-nouveau\/\">Weiterlesen&#8230;<\/a><\/p>\n","protected":false},"author":3,"featured_media":5982,"comment_status":"closed","ping_status":"closed","sticky":false,"template":"","format":"standard","meta":{"footnotes":""},"categories":[45],"tags":[],"class_list":["post-5979","post","type-post","status-publish","format-standard","has-post-thumbnail","hentry","category-sammlerthemen"],"_links":{"self":[{"href":"https:\/\/www.quittenbaum.de\/de\/wp-json\/wp\/v2\/posts\/5979","targetHints":{"allow":["GET"]}}],"collection":[{"href":"https:\/\/www.quittenbaum.de\/de\/wp-json\/wp\/v2\/posts"}],"about":[{"href":"https:\/\/www.quittenbaum.de\/de\/wp-json\/wp\/v2\/types\/post"}],"author":[{"embeddable":true,"href":"https:\/\/www.quittenbaum.de\/de\/wp-json\/wp\/v2\/users\/3"}],"replies":[{"embeddable":true,"href":"https:\/\/www.quittenbaum.de\/de\/wp-json\/wp\/v2\/comments?post=5979"}],"version-history":[{"count":14,"href":"https:\/\/www.quittenbaum.de\/de\/wp-json\/wp\/v2\/posts\/5979\/revisions"}],"predecessor-version":[{"id":6025,"href":"https:\/\/www.quittenbaum.de\/de\/wp-json\/wp\/v2\/posts\/5979\/revisions\/6025"}],"wp:featuredmedia":[{"embeddable":true,"href":"https:\/\/www.quittenbaum.de\/de\/wp-json\/wp\/v2\/media\/5982"}],"wp:attachment":[{"href":"https:\/\/www.quittenbaum.de\/de\/wp-json\/wp\/v2\/media?parent=5979"}],"wp:term":[{"taxonomy":"category","embeddable":true,"href":"https:\/\/www.quittenbaum.de\/de\/wp-json\/wp\/v2\/categories?post=5979"},{"taxonomy":"post_tag","embeddable":true,"href":"https:\/\/www.quittenbaum.de\/de\/wp-json\/wp\/v2\/tags?post=5979"}],"curies":[{"name":"wp","href":"https:\/\/api.w.org\/{rel}","templated":true}]}}