{"id":5381,"date":"2022-11-07T13:46:10","date_gmt":"2022-11-07T12:46:10","guid":{"rendered":"https:\/\/www.quittenbaum.de\/?p=5381"},"modified":"2022-11-07T14:07:58","modified_gmt":"2022-11-07T13:07:58","slug":"die-sammlung-jacometti","status":"publish","type":"post","link":"https:\/\/www.quittenbaum.de\/de\/die-sammlung-jacometti\/","title":{"rendered":"Die Sammlung Jacometti"},"content":{"rendered":"\n<div class=\"wp-block-cover\"><span aria-hidden=\"true\" class=\"wp-block-cover__background has-background-dim-30 has-background-dim wp-block-cover__gradient-background has-background-gradient\" style=\"background:linear-gradient(0deg,rgb(238,238,238) 0%,rgb(8,8,8) 67%)\"><\/span><img loading=\"lazy\" decoding=\"async\" width=\"2560\" height=\"1060\" class=\"wp-block-cover__image-background wp-image-5474\" alt=\"\" src=\"https:\/\/www.quittenbaum.de\/wp-content\/uploads\/2022\/11\/Jacometti-Banner-scaled.jpg\" style=\"object-position:48% 56%\" data-object-fit=\"cover\" data-object-position=\"48% 56%\" srcset=\"https:\/\/www.quittenbaum.de\/wp-content\/uploads\/2022\/11\/Jacometti-Banner-scaled.jpg 2560w, https:\/\/www.quittenbaum.de\/wp-content\/uploads\/2022\/11\/Jacometti-Banner-300x124.jpg 300w, https:\/\/www.quittenbaum.de\/wp-content\/uploads\/2022\/11\/Jacometti-Banner-1024x424.jpg 1024w, https:\/\/www.quittenbaum.de\/wp-content\/uploads\/2022\/11\/Jacometti-Banner-768x318.jpg 768w, https:\/\/www.quittenbaum.de\/wp-content\/uploads\/2022\/11\/Jacometti-Banner-1536x636.jpg 1536w, https:\/\/www.quittenbaum.de\/wp-content\/uploads\/2022\/11\/Jacometti-Banner-2048x848.jpg 2048w, https:\/\/www.quittenbaum.de\/wp-content\/uploads\/2022\/11\/Jacometti-Banner-1920x795.jpg 1920w\" sizes=\"auto, (max-width: 2560px) 100vw, 2560px\" \/><div class=\"wp-block-cover__inner-container is-layout-flow wp-block-cover-is-layout-flow\">\n<p class=\"has-text-align-center has-white-color has-text-color has-large-font-size\">Vom Bohemien in Montparnasse zum Verleger <br>der bedeutendsten K\u00fcnstler des 20. Jahrhunderts: <br>Nesto Jacometti<\/p>\n<\/div><\/div>\n\n\n\n<p class=\"has-cyan-bluish-gray-color has-text-color\">Zao Wou-Ki, &#8218;Embrasement spatial&#8216;<\/p>\n\n\n\n<div style=\"height:30px\" aria-hidden=\"true\" class=\"wp-block-spacer\"><\/div>\n\n\n\n<p>Wir freuen uns, auf den folgenden Seiten ein Sammlungskonvolut aus seinem Nachlass von rund 80 Druckgraphiken anbieten zu k\u00f6nnen, die fast allesamt ab Mitte der 1950er Jahre bis 1971 aus dem von Ernesto Jacometti gegr\u00fcndeten Verlag L\u2019\u0152uvre Grav\u00e9e hervorgegangen sind. Nesto Jacometti geh\u00f6rt zu den wichtigen Verlegerpers\u00f6nlichkeiten des vergangenen Jahrhunderts, die Pionierarbeit auf dem Gebiet der k\u00fcnstlerischen Druckgraphik leisteten. In der Sammlung befinden sich zahlreiche Drucke au\u00dferhalb gew\u00f6hnlicher Auflagen und Bl\u00e4tter, die mit Widmungen an Jacometti versehen sind. Diese Exemplare sind besonders spannend und exklusiv und unterstreichen das Verh\u00e4ltnis des Verlegers zu seinen K\u00fcnstlerfreunden sowie die einzigartige Provenienz der Graphiken.<\/p>\n\n\n\n<p>Geboren wurde Ernesto Jacometti am 24. M\u00e4rz 1898 in Locarno als Sohn italienischst\u00e4mmiger M\u00fchlenbesitzer. Mit 25 heiratete er Maria Muheim, verlie\u00df seine Familie jedoch f\u00fcnf Jahre sp\u00e4ter, um vom Tessin nach Paris zu ziehen. Hier tauchte er in die Welt der Boh\u00e8me im Quartier de Montparnasse ein. Das Viertel hatte in den 1920er Jahren seinen H\u00f6hepunkt an k\u00fcnstlerischer Bewegung erreicht. Zahlreiche Poeten, Komponisten und Bildende K\u00fcnstler lie\u00dfen sich dort nieder. Jacometti schien mit seiner selbstsicheren und enthusiastischen Art perfekt in die Welt dieser Kreativen und Intellektuellen zu passen und kn\u00fcpfte schnell Kontakte innerhalb der K\u00fcnstlerkreise. Er begann f\u00fcr Kunstzeitschriften zu schreiben, ver\u00f6ffentlichte einen Gedichtband sowie die K\u00fcnstlerportrait-Sammlung &#8218;T\u00eates de Montparnasse&#8216;, und ab Mitte der Drei\u00dfiger Jahre arrangierte er Ausstellungen franz\u00f6sischer Maler und Bildhauer in Belgien und den Niederlanden.<br>Der Krieg zwang den Bohemien in die Schweiz zur\u00fcck. In Genf arbeitete er f\u00fcr verschiedene Radiosender und ver\u00f6ffentlichte weiterhin Artikel. Pr\u00e4gend f\u00fcr seine weitere Laufbahn waren die Begegnungen mit den Verlegern Albert Skira und Pierre Cailler. Mit Cailler arbeitete Jacometti nach Kriegsende ab Mitte der 1940er Jahre zusammen und tauchte in Paris erneut ins K\u00fcnstlermilieu ein, um nach aufstrebenden Newcomern der Szene Ausschau zu halten. 1949 gr\u00fcndete er zusammen mit Pierre Cailler den Verlag La Guilde Internationale de la Gravure, in dem er die k\u00fcnstlerische Leitung \u00fcbernahm. In w\u00f6chentlichem Rhythmus wurden Radierungen und Lithographien verlegt, mit dem Ziel, einen \u00dcberblick \u00fcber das Kunstschaffen ihrer Zeit zu geben und Originalgraphiken aller wichtigen K\u00fcnstler und Kunststr\u00f6mungen zu erschwinglichen Preisen anbieten zu k\u00f6nnen. Die Unternehmung lief sehr erfolgreich, jedoch trennten sich die beiden Gesch\u00e4ftspartner im Jahr 1954 aufgrund vielf\u00e4ltiger Meinungsverschiedenheiten. Im selben Jahr erhielt Jacometti f\u00fcr seine Kunstkritiken eine Auszeichnung auf der Biennale von Venedig.<\/p>\n\n\n<div class=\"wp-bootstrap-blocks-row row\">\n\t\n\n<div class=\"col-12 col-md-8\">\n\t\t\t\n\n<p>Bereits ein Jahr sp\u00e4ter gr\u00fcndete Jacometti sein eigenes Verlagswesen mit dem Namen L\u2019\u0152uvre Grav\u00e9e und kn\u00fcpfte an seine T\u00e4tigkeit und an seine Kontakte in die Pariser und Schweizer Kunstszene an. Er arbeitete mit etwa zwanzig K\u00fcnstler wie Zao Wou-Ki, Johnny Friedlaender, Max Ernst, Maurice Est\u00e8ve, Gino Severini, Massimo Campigli, Marino Marini oder Ossip Zadkine zusammen. Viele der K\u00fcnstler verdanken Jacometti ihre Hinwendung zu druckgraphischen Techniken. Das gegenseitige Profitieren von Verleger und K\u00fcnstler wird sowohl in den zahlreichen Widmungen an den Herausgeber auf Graphikexemplaren deutlich, als auch in den zahlreichen erhaltenen Text- und Photodokumentationen sichtbar.<br>Jacomettis pers\u00f6nliche Beziehung zu den K\u00fcnstlern als Kunstkritiker und Organisator von Ausstellung in den Vorkriegsjahren, gepaart mit seiner Aufgeschlossenheit und Dynamik ebnete ihm den Weg als Verleger erfolgreich zu sein und so brachte er im Zeitraum von 1955 bis zum Verkauf seines Unternehmens im Jahr 1971 die beindruckende Zahl von 659 Graphiken sowie ca. 100 Sonderdrucke heraus.<\/p>\n\n\t<\/div>\n\n\n\n<div class=\"col-12 col-md-4\">\n\t\t\t\n<div class=\"wp-block-image\">\n<figure class=\"aligncenter size-large\"><img loading=\"lazy\" decoding=\"async\" width=\"1024\" height=\"731\" src=\"https:\/\/www.quittenbaum.de\/wp-content\/uploads\/2022\/11\/Jacometti_11-1024x731.jpg\" alt=\"\" class=\"wp-image-5425\" srcset=\"https:\/\/www.quittenbaum.de\/wp-content\/uploads\/2022\/11\/Jacometti_11-1024x731.jpg 1024w, https:\/\/www.quittenbaum.de\/wp-content\/uploads\/2022\/11\/Jacometti_11-300x214.jpg 300w, https:\/\/www.quittenbaum.de\/wp-content\/uploads\/2022\/11\/Jacometti_11-768x549.jpg 768w, https:\/\/www.quittenbaum.de\/wp-content\/uploads\/2022\/11\/Jacometti_11-1536x1097.jpg 1536w, https:\/\/www.quittenbaum.de\/wp-content\/uploads\/2022\/11\/Jacometti_11-2048x1463.jpg 2048w, https:\/\/www.quittenbaum.de\/wp-content\/uploads\/2022\/11\/Jacometti_11-1920x1371.jpg 1920w\" sizes=\"auto, (max-width: 1024px) 100vw, 1024px\" \/><figcaption>Widmungskarte von Ossip Zadkine an Nesto Jacometti<\/figcaption><\/figure>\n<\/div>\n\t<\/div>\n\n<\/div>\n\n\n\n<p>Mitte der 1960er Jahre kehrte Jacometti ins Tessin zur\u00fcck, nachdem er sich zuvor meist in Z\u00fcrich und Paris aufgehalten oder fremde L\u00e4nder bereist hatte. Sein Gesch\u00e4ftsstandpunkt verlagerte sich komplett in die Schweiz. Nesto Jacometti starb am 3. Dezember 1973 im Alter von 75 Jahren.<br>Die Verbundenheit zu seiner Heimat zeigt sich in der Schenkung eines Gro\u00dfteils seines Nachlasses an die Stadt Locarno. Das Museo Casorella brachte 1994 die zweib\u00e4ndige Publikation zum verlegerischen Werk und zur eigenen Sammlung Jacomettis heraus.<\/p>\n\n\n\n<div style=\"height:30px\" aria-hidden=\"true\" class=\"wp-block-spacer\"><\/div>\n\n\n<div class=\"wp-bootstrap-blocks-row row\">\n\t\n\n<div class=\"col-12 col-md-12\">\n\t\t\t\n\n<div class=\"wp-block-getwid-banner has-horizontal-alignment-left\"><a href=\"#\" class=\"wp-block-getwid-banner__link\"><div class=\"wp-block-getwid-banner__wrapper\"><img loading=\"lazy\" decoding=\"async\" width=\"1000\" height=\"500\" src=\"https:\/\/www.quittenbaum.de\/wp-content\/uploads\/2022\/11\/Jacometti-Beitrag.jpg\" alt=\"\" class=\"wp-block-getwid-banner__image wp-block-getwid-banner__source wp-image-5476\" srcset=\"https:\/\/www.quittenbaum.de\/wp-content\/uploads\/2022\/11\/Jacometti-Beitrag.jpg 1000w, https:\/\/www.quittenbaum.de\/wp-content\/uploads\/2022\/11\/Jacometti-Beitrag-300x150.jpg 300w, https:\/\/www.quittenbaum.de\/wp-content\/uploads\/2022\/11\/Jacometti-Beitrag-768x384.jpg 768w\" sizes=\"auto, (max-width: 1000px) 100vw, 1000px\" \/><div class=\"wp-block-getwid-banner__caption\"><div class=\"wp-block-getwid-banner__caption-wrapper\"><span class=\"wp-block-getwid-banner__title\">NESTO JACOMETTI<\/span><p class=\"wp-block-getwid-banner__text\"><em><br>Mein Grossvater, ein Lebensk\u00fcnstler!<br>W\u00e4hrend meinen Besuchen in Locarno, wo er wohnte, war ich immer wieder im Bann seiner zahlreichen Anekdoten.<br>Oft organisierte er Partys, wo er, wie gew\u00f6hnlich, der strahlende Mittelpunkt war.<br>Er erz\u00e4hlte sowohl von seinen \u201emageren\u201c Jahren in Paris als von den<br>Freundschaften mit K\u00fcnstlern, die damals entstanden.<br>In dieser Zeit legte er das Fundament f\u00fcr die sp\u00e4tere Karriere als Verleger.<br>In den f\u00fcnfziger Jahren in Paris, w\u00e4hrend N\u00e4chten gef\u00fcllt mit Alkohol und Zigaretten, kn\u00fcpfte er Kontakt zu damals unbekannten K\u00fcnstlern.<br>Er war der \u00dcberzeugung, dass mit einem strukturierten Verkauf mehr Resultate erzielt werden k\u00f6nnen und so gr\u00fcndete er L\u2019\u0152uvre Grav\u00e9e.<br>Die Freunde von damals wie zum Beispiel Karel<br>Appel, Kees van Dongen, Ossip Zadkine, Zao<br>Wou Ki, Marino Marini und viele andere wurden<br>in wenigen Jahren von Nobodys zu erfolgreichen K\u00fcnstlern. Ihr Erfolg war auch sein Erfolg.<br>Die Leidenschaft, mit der er \u00fcber die Freunde und Kunst erz\u00e4hlen konnte, wird mir immer beibleiben.<br>Ein spezielles Erlebnis war sicher auch seine Wohnung in Locarno. Es war wie ein Museum, jeder Meter war bedeckt mit Bildern.<br>Niemals habe ich jemanden getroffen, der besser oder unterhaltsamer reden konnte, er war ein Meister des gesprochenen Wortes!<br>Als Grossvater war er kein Vorzeige-Opa.<br>Er hatte einen freien Geist, wobei er wenig Platz f\u00fcr die Familie und die damit verbundenen Pflichten hatte.<br>Friedlaender &#8211; Campigli &#8211; Pignon &#8211; Jacometti<br>Der letzte Satz, den er einige Tage vor seinem Tod zu mir sagte, lautete: \u201eJunge, ich bedaure nichts, ich w\u00fcrde alles genau gleich machen.\u201c<br>Er hat sein Leben gelebt &#8211; genossen!<br><\/em><br><strong>Thomas Jacometti<\/strong><\/p><\/div><\/div><\/div><\/a><\/div>\n\n\t<\/div>\n\n<\/div>\n\n\n\n<div style=\"height:30px\" aria-hidden=\"true\" class=\"wp-block-spacer\"><\/div>\n\n\n\n<p>Wir, das Haus Quittenbaum, freuen uns einen Teil der bedeutenden Privatsammlung Nesto Jacomettis innerhalb unserer Auktion der Modernen und Zeitgen\u00f6ssischen Kunst anbieten zu d\u00fcrfen. Die \u00fcber 80 Lose zeugen nicht nur von k\u00fcnstlerischer Qualit\u00e4t gro\u00dfer Namen des 20. Jahrhunderts, sondern auch von der pers\u00f6nlichen Beziehung, die Jacometti als Verleger zu seinen Graphikern pflegte.<\/p>\n","protected":false},"excerpt":{"rendered":"<p>Nesto Jacometti geh\u00f6rt zu den wichtigen Verlegerpers\u00f6nlichkeiten des vergangenen Jahrhunderts, die Pionierarbeit auf dem Gebiet der k\u00fcnstlerischen Druckgraphik leisteten. In der Sammlung befinden sich zahlreiche Drucke au\u00dferhalb gew\u00f6hnlicher Auflagen und Bl\u00e4tter, die mit Widmungen an Jacometti versehen sind. Diese Exemplare sind besonders spannend und exklusiv und unterstreichen das Verh\u00e4ltnis des Verlegers zu seinen K\u00fcnstlerfreunden sowie die einzigartige Provenienz der Graphiken. [&#8230;]<\/p>\n<p><a class=\"btn btn-ppc understrap-read-more-link\" href=\"https:\/\/www.quittenbaum.de\/de\/die-sammlung-jacometti\/\">Weiterlesen&#8230;<\/a><\/p>\n","protected":false},"author":3,"featured_media":5476,"comment_status":"closed","ping_status":"closed","sticky":false,"template":"","format":"standard","meta":{"footnotes":""},"categories":[45],"tags":[54],"class_list":["post-5381","post","type-post","status-publish","format-standard","has-post-thumbnail","hentry","category-sammlerthemen","tag-nesto-jacometti-graphik-oeuvre-gravee"],"_links":{"self":[{"href":"https:\/\/www.quittenbaum.de\/de\/wp-json\/wp\/v2\/posts\/5381","targetHints":{"allow":["GET"]}}],"collection":[{"href":"https:\/\/www.quittenbaum.de\/de\/wp-json\/wp\/v2\/posts"}],"about":[{"href":"https:\/\/www.quittenbaum.de\/de\/wp-json\/wp\/v2\/types\/post"}],"author":[{"embeddable":true,"href":"https:\/\/www.quittenbaum.de\/de\/wp-json\/wp\/v2\/users\/3"}],"replies":[{"embeddable":true,"href":"https:\/\/www.quittenbaum.de\/de\/wp-json\/wp\/v2\/comments?post=5381"}],"version-history":[{"count":19,"href":"https:\/\/www.quittenbaum.de\/de\/wp-json\/wp\/v2\/posts\/5381\/revisions"}],"predecessor-version":[{"id":5493,"href":"https:\/\/www.quittenbaum.de\/de\/wp-json\/wp\/v2\/posts\/5381\/revisions\/5493"}],"wp:featuredmedia":[{"embeddable":true,"href":"https:\/\/www.quittenbaum.de\/de\/wp-json\/wp\/v2\/media\/5476"}],"wp:attachment":[{"href":"https:\/\/www.quittenbaum.de\/de\/wp-json\/wp\/v2\/media?parent=5381"}],"wp:term":[{"taxonomy":"category","embeddable":true,"href":"https:\/\/www.quittenbaum.de\/de\/wp-json\/wp\/v2\/categories?post=5381"},{"taxonomy":"post_tag","embeddable":true,"href":"https:\/\/www.quittenbaum.de\/de\/wp-json\/wp\/v2\/tags?post=5381"}],"curies":[{"name":"wp","href":"https:\/\/api.w.org\/{rel}","templated":true}]}}