{"id":5023,"date":"2022-05-24T13:04:37","date_gmt":"2022-05-24T11:04:37","guid":{"rendered":"https:\/\/www.quittenbaum.de\/?p=5023"},"modified":"2022-11-22T11:00:47","modified_gmt":"2022-11-22T10:00:47","slug":"erich-heckel-am-strand","status":"publish","type":"post","link":"https:\/\/www.quittenbaum.de\/de\/erich-heckel-am-strand\/","title":{"rendered":"Erich Heckel &#8211; &#8218;Am Strand&#8216;"},"content":{"rendered":"\n<div class=\"wp-block-cover is-light\"><span aria-hidden=\"true\" class=\"wp-block-cover__background has-background-dim-0 has-background-dim\"><\/span><img loading=\"lazy\" decoding=\"async\" width=\"2560\" height=\"1060\" class=\"wp-block-cover__image-background wp-image-5028\" alt=\"\" src=\"https:\/\/www.quittenbaum.de\/wp-content\/uploads\/2022\/05\/Heckel-Banner-scaled.jpg\" data-object-fit=\"cover\" srcset=\"https:\/\/www.quittenbaum.de\/wp-content\/uploads\/2022\/05\/Heckel-Banner-scaled.jpg 2560w, https:\/\/www.quittenbaum.de\/wp-content\/uploads\/2022\/05\/Heckel-Banner-300x124.jpg 300w, https:\/\/www.quittenbaum.de\/wp-content\/uploads\/2022\/05\/Heckel-Banner-1024x424.jpg 1024w, https:\/\/www.quittenbaum.de\/wp-content\/uploads\/2022\/05\/Heckel-Banner-768x318.jpg 768w, https:\/\/www.quittenbaum.de\/wp-content\/uploads\/2022\/05\/Heckel-Banner-1536x636.jpg 1536w, https:\/\/www.quittenbaum.de\/wp-content\/uploads\/2022\/05\/Heckel-Banner-2048x848.jpg 2048w, https:\/\/www.quittenbaum.de\/wp-content\/uploads\/2022\/05\/Heckel-Banner-1920x795.jpg 1920w\" sizes=\"auto, (max-width: 2560px) 100vw, 2560px\" \/><div class=\"wp-block-cover__inner-container is-layout-flow wp-block-cover-is-layout-flow\">\n<p class=\"has-text-align-center has-white-color has-text-color has-x-large-font-size\">Erich Heckel<br>&#8218;Am Strand&#8216;<\/p>\n<\/div><\/div>\n\n\n\n<div style=\"height:50px\" aria-hidden=\"true\" class=\"wp-block-spacer\"><\/div>\n\n\n\n<p>Der im Sommer 1883 als Sohn eines Eisenbahningenieurs geborene Erich Heckel (1883 D\u00f6beln &#8211; 1970 Radolfzell am Bodensee) begann bereits als knapp Zwanzigj\u00e4hriger die ersten Malausfl\u00fcge zu unternehmen. Seit 1901 war er mit dem etwas j\u00fcngeren Karl Schmidt-Rottluff befreundet, und die beiden begannen, kleinere Reisen mit ihrer Leidenschaft des Kunstschaffens zu verbinden. Wie seine Kommilitonen an der Technischen Universit\u00e4t Dresden, Ernst Ludwig Kirchner, Fritz Bleyl und Karl Schmidt-Rottluff, der etwas sp\u00e4ter dazukam, eignete Heckel sich sein K\u00f6nnen als Autodidakt an. 1905 gr\u00fcndeten die vier Architekturstudenten die K\u00fcnstlergruppe \u2018Die Br\u00fccke\u2019, in der sie nach neuen k\u00fcnstlerischen Ausdrucksmitteln ihrer alternativen Lebensentw\u00fcrfe suchten. Der K\u00fcnstlerzusammenschluss erweiterte sich in den folgenden Jahren um passive Mitglieder und sollte prim\u00e4r den Zweck einer Ausstellungsgemeinschaft erf\u00fcllen; zahlreiche Wanderausstellungen der Gruppe fanden statt. 1907 zog es Heckel erstmals zu einem l\u00e4ngeren Malaufenthalt an die K\u00fcste, gemeinsam mit Schmidt-Rottluff hielt er sich f\u00fcr mehrere Wochen in Dangast an der Nordsee auf, wohin er immer wieder zur\u00fcckkehrte. Bei diesen l\u00e4ngeren Aufhalten am Deutschen Meer mit den K\u00fcnstlerfreunden bis 1910, Reisen nach Italien und Sommerfrischen an den Moritzburger Teichen bei Dresden arbeitete er intensiv an Graphiken und Gem\u00e4lden unter anderem zum Thema des Akts in freier Bewegung. Die Uferlandschaften bekommen durch expressive Farbgebungen einen enorm lebendigen Charakter, spontan werden Gesichter mit wilden, gestischen Pinsel- oder Tuschfederstrichen festgehalten. Es entwickelte sich der typische Gruppenstil des Expressionismus der \u2019Br\u00fccke\u2019. 1911 reiste Heckel erstmalig an die Ostsee in Begleitung der T\u00e4nzerin Sidi Riha (genannt Siddi), die von da an sein wichtigstes Modell und seine lebenslange Ehepartnerin wurde. Nach einer engen Ateliergemeinschaft mit Kirchner in Dresden zog er 1911 mit Siddi nach Berlin, wo es zu Begegnungen und Freundschaften mit anderen K\u00fcnstlern des Expressionismus wie Lyonel Feininger, August Macke und Franz Marc kam.<br>Nach der Aufl\u00f6sung \u2019Der Br\u00fccke\u2019 im Jahr 1913 konzentrierte sich Heckel weiterhin auf seine Kunst und Ausstellungen bei Kunsth\u00e4ndlern wie Fritz Gurlitt. In den Kriegsjahren leistete Heckel Sanit\u00e4tsdienst in Flandern, wo er gef\u00f6rdert durch den Leiter des Sanit\u00e4tszuges, den Mitarbeiter der Berliner Nationalgalerie Walter Kaesbach, immer wieder kleine Freir\u00e4ume f\u00fcr seine k\u00fcnstlerische Arbeit bekam.<br>Nach Ende des Krieges reiste Heckel mit Siddi erneut an die Ostsee. Im Ort Osterholz an der bereits vertrauten Flensburger F\u00f6rde erwarben sie ein altes Bauernhaus, welches ihnen als Sitz ihrer Sommer- und Herbstaufenthalte dienen sollte und in dessen Obergeschoss sie einen Atelierraum einrichteten. W\u00e4hrend im Winter in Berlin gearbeitet und das Fr\u00fchjahr f\u00fcr Reisen in den S\u00fcden genutzt wurde, besuchte das Ehepaar bis 1929 im immer gleichen Jahresablauf Osterholz. Oftmals wurden die Kinder von Heckels Schwestern oder Freunden ins Motiv eingef\u00fcgt, um die K\u00fcstenszenen lebendiger zu gestalten.<\/p>\n\n\n\n<div style=\"height:50px\" aria-hidden=\"true\" class=\"wp-block-spacer\"><\/div>\n\n\n<div class=\"wp-bootstrap-blocks-row row\">\n\t\n\n<div class=\"col-12 col-md-6\">\n\t\t\t\n\n<figure class=\"wp-block-image size-full is-style-default\"><a href=\"https:\/\/www.quittenbaum.de\/de\/auktionen\/design\/163F\/highlights\/erich-heckelam-strand-1927-118220\/\"><img loading=\"lazy\" decoding=\"async\" width=\"2560\" height=\"2063\" src=\"https:\/\/www.quittenbaum.de\/wp-content\/uploads\/2022\/05\/Heckel-scaled.jpg\" alt=\"\" class=\"wp-image-5024\" srcset=\"https:\/\/www.quittenbaum.de\/wp-content\/uploads\/2022\/05\/Heckel-scaled.jpg 2560w, https:\/\/www.quittenbaum.de\/wp-content\/uploads\/2022\/05\/Heckel-300x242.jpg 300w, https:\/\/www.quittenbaum.de\/wp-content\/uploads\/2022\/05\/Heckel-1024x825.jpg 1024w, https:\/\/www.quittenbaum.de\/wp-content\/uploads\/2022\/05\/Heckel-768x619.jpg 768w, https:\/\/www.quittenbaum.de\/wp-content\/uploads\/2022\/05\/Heckel-1536x1238.jpg 1536w, https:\/\/www.quittenbaum.de\/wp-content\/uploads\/2022\/05\/Heckel-2048x1650.jpg 2048w, https:\/\/www.quittenbaum.de\/wp-content\/uploads\/2022\/05\/Heckel-1920x1547.jpg 1920w\" sizes=\"auto, (max-width: 2560px) 100vw, 2560px\" \/><\/a><figcaption>Erich Heckel<br>\u2019Am Strand&#8216;, 1927<br>Sch\u00e4tzpreis: \u20ac 14.000 &#8211; 18.000<\/figcaption><\/figure>\n\n\t<\/div>\n\n\n\n<div class=\"col-12 col-md-6\">\n\t\t\t\n\n<p>1927 entstand das Werk \u2019Am Strand&#8216;, das wir Ihnen in dieser Auktion anbieten d\u00fcrfen. Die sogenannten \u2018Sommerkinder\u2018 bereichern auch auf dieser Arbeit auf Papier die Uferszene. Der K\u00fcnstler stellte die drei unbekleideten Figuren in unterschiedlichen K\u00f6rperhaltungen dar. Die beiden im Bildvordergrund beobachten das vertiefte Spiel des auf den Steinen Knieenden in vom Bildbetrachter abgewandten Posen, sodass wir uns als Publikum au\u00dferhalb des Bildes leicht diesen unbefangenen Blicken anschlie\u00dfen k\u00f6nnen und so selbst zum bildimmanenten Betrachter avancieren.<\/p>\n\n\n\n<p>Heckel besch\u00e4ftigte sich mit diesen nat\u00fcrlichen Strand-Motiven rund um Osterholz noch bis 1939 als er sein Atelier dort aufgab. Der K\u00fcnstler kehrte aber bis in die Mitte der 1940er immer wieder an die Ostsee zur\u00fcck. Trotz der Unterzeichnung des \u2018Aufrufes der Kulturschaffenden\u2019 im Jahre 1934, in der die \u2019Gefolgschaft des F\u00fchrers\u2019 bekr\u00e4ftigt wurde, erhielt Heckel 1937 Ausstellungsverbot und Werke von ihm wurden bei der Aktion \u2019Entartete Kunst\u2019 beschlagnahmt, einige vernichtet. 1944 zog er nach Hemmenhofen am Bodensee und verbrachte die Jahre bis zu seinem Lebensende dort. In den Jahren 1949 bis 1955 \u00fcbernahm er einen Lehrauftrag an der Akademie der Bilden K\u00fcnste in Karlsruhe, ein Lehramt an der Akademie in Berlin lehnte er jedoch ab. Heckel war Teilnehmer der documenta 1 im Jahre 1955.<\/p>\n\n\t<\/div>\n\n<\/div>\n","protected":false},"excerpt":{"rendered":"<p>Der im Sommer 1883 als Sohn eines Eisenbahningenieurs geborene Erich Heckel (1883 D\u00f6beln &#8211; 1970 Radolfzell am Bodensee) begann bereits als knapp Zwanzigj\u00e4hriger die ersten Malausfl\u00fcge zu unternehmen. Seit 1901 war er mit dem etwas j\u00fcngeren Karl Schmidt-Rottluff befreundet, und die beiden begannen, kleinere Reisen mit ihrer Leidenschaft des Kunstschaffens zu verbinden. Wie seine Kommilitonen [&#8230;]<\/p>\n<p><a class=\"btn btn-ppc understrap-read-more-link\" href=\"https:\/\/www.quittenbaum.de\/de\/erich-heckel-am-strand\/\">Weiterlesen&#8230;<\/a><\/p>\n","protected":false},"author":3,"featured_media":5026,"comment_status":"closed","ping_status":"closed","sticky":false,"template":"","format":"standard","meta":{"footnotes":""},"categories":[45],"tags":[],"class_list":["post-5023","post","type-post","status-publish","format-standard","has-post-thumbnail","hentry","category-sammlerthemen"],"_links":{"self":[{"href":"https:\/\/www.quittenbaum.de\/de\/wp-json\/wp\/v2\/posts\/5023","targetHints":{"allow":["GET"]}}],"collection":[{"href":"https:\/\/www.quittenbaum.de\/de\/wp-json\/wp\/v2\/posts"}],"about":[{"href":"https:\/\/www.quittenbaum.de\/de\/wp-json\/wp\/v2\/types\/post"}],"author":[{"embeddable":true,"href":"https:\/\/www.quittenbaum.de\/de\/wp-json\/wp\/v2\/users\/3"}],"replies":[{"embeddable":true,"href":"https:\/\/www.quittenbaum.de\/de\/wp-json\/wp\/v2\/comments?post=5023"}],"version-history":[{"count":8,"href":"https:\/\/www.quittenbaum.de\/de\/wp-json\/wp\/v2\/posts\/5023\/revisions"}],"predecessor-version":[{"id":5597,"href":"https:\/\/www.quittenbaum.de\/de\/wp-json\/wp\/v2\/posts\/5023\/revisions\/5597"}],"wp:featuredmedia":[{"embeddable":true,"href":"https:\/\/www.quittenbaum.de\/de\/wp-json\/wp\/v2\/media\/5026"}],"wp:attachment":[{"href":"https:\/\/www.quittenbaum.de\/de\/wp-json\/wp\/v2\/media?parent=5023"}],"wp:term":[{"taxonomy":"category","embeddable":true,"href":"https:\/\/www.quittenbaum.de\/de\/wp-json\/wp\/v2\/categories?post=5023"},{"taxonomy":"post_tag","embeddable":true,"href":"https:\/\/www.quittenbaum.de\/de\/wp-json\/wp\/v2\/tags?post=5023"}],"curies":[{"name":"wp","href":"https:\/\/api.w.org\/{rel}","templated":true}]}}